{"id":4508,"date":"2026-09-03T07:44:00","date_gmt":"2026-09-03T06:44:00","guid":{"rendered":"https:\/\/kodlyoko.pl\/?p=4508"},"modified":"2026-09-02T22:52:56","modified_gmt":"2026-09-02T21:52:56","slug":"23-lata-w-lyoko","status":"publish","type":"post","link":"https:\/\/kodlyoko.pl\/index.php\/2026\/09\/03\/23-lata-w-lyoko\/","title":{"rendered":"23 lata w Lyoko"},"content":{"rendered":"\n<p class=\"wp-block-paragraph\">Witajcie, dzi\u015b publikacja w terminie niecodziennym, ale to dlatego, \u017ce mamy ku temu okazj\u0119. 23 lata temu, 3 wrze\u015bnia 2003 roku, francuska telewizja France 3 wyemitowa\u0142a pierwszy odcinek Kodu Lyoko, czyli &#8220;Misia Godzill\u0119&#8221;. By\u0142 to pocz\u0105tek historii, z kt\u00f3r\u0105 wiele os\u00f3b jest zwi\u0105zanych do teraz. Postanowili\u015bmy jako\u015b uczci\u0107 nieokr\u0105g\u0142\u0105 rocznic\u0119 i co\u015b dla Was przygotowali\u015bmy.<\/p>\n\n\n\n<p class=\"wp-block-paragraph\">Troch\u0119 czasu min\u0119\u0142o, odk\u0105d nasz admin, Jeremie_96, napisa\u0142 poprzedni felieton, a z tekstem, kt\u00f3ry dzi\u015b prezentujemy, nosi\u0142 si\u0119 w my\u015blach od kilku miesi\u0119cy. Wreszcie si\u0119 zebra\u0142, by spisa\u0107 do kupy swoje my\u015bli, tak powsta\u0142 tekst &#8220;Rocznica i czekanie na wie\u015bci&#8221;, kt\u00f3ry mo\u017cna przeczyta\u0107 <a href=\"https:\/\/kodlyoko.pl\/index.php\/artykuly\/redaktorskie\/felietony\/rocznica-i-czekanie-na-wiesci\/\" data-type=\"link\" data-id=\"https:\/\/kodlyoko.pl\/index.php\/artykuly\/redaktorskie\/felietony\/rocznica-i-czekanie-na-wiesci\/\">tutaj<\/a>.<\/p>\n\n\n\n<p class=\"wp-block-paragraph\">Z kolei o 20:30 na naszym kanale na YouTube premiera 40 odcinka Lyokospekcji &#8211; &#8220;Atak zombie&#8221;.<\/p>\n\n\n\n<figure class=\"wp-block-embed is-type-video is-provider-youtube wp-block-embed-youtube wp-embed-aspect-16-9 wp-has-aspect-ratio\"><div class=\"wp-block-embed__wrapper\">\n<iframe loading=\"lazy\" title=\"Lyokospekcja #40 - Atak zombie\" width=\"940\" height=\"529\" src=\"https:\/\/www.youtube.com\/embed\/xDT0m81bATA?feature=oembed\" frameborder=\"0\" allow=\"accelerometer; autoplay; clipboard-write; encrypted-media; gyroscope; picture-in-picture; web-share\" referrerpolicy=\"strict-origin-when-cross-origin\" allowfullscreen><\/iframe>\n<\/div><\/figure>\n","protected":false},"excerpt":{"rendered":"<p>Witajcie, dzi\u015b publikacja w terminie niecodziennym, ale to dlatego, \u017ce mamy ku temu okazj\u0119. 23 lata temu, 3 wrze\u015bnia 2003 roku, francuska telewizja France 3 wyemitowa\u0142a pierwszy odcinek Kodu Lyoko, czyli &#8220;Misia Godzill\u0119&#8221;. By\u0142 to pocz\u0105tek historii, z kt\u00f3r\u0105 wiele os\u00f3b jest zwi\u0105zanych do teraz. Postanowili\u015bmy jako\u015b uczci\u0107 nieokr\u0105g\u0142\u0105 rocznic\u0119 i co\u015b dla Was przygotowali\u015bmy. &hellip;<br \/><a href=\"https:\/\/kodlyoko.pl\/index.php\/2026\/09\/03\/23-lata-w-lyoko\/\" class=\"more-link pen_button pen_element_default pen_icon_arrow_double\">Read more<\/a><\/p>\n","protected":false},"author":5,"featured_media":3155,"comment_status":"open","ping_status":"open","sticky":false,"template":"","format":"standard","meta":{"footnotes":""},"categories":[17],"tags":[],"class_list":["post-4508","post","type-post","status-publish","format-standard","has-post-thumbnail","hentry","category-newsy"],"_links":{"self":[{"href":"https:\/\/kodlyoko.pl\/index.php\/wp-json\/wp\/v2\/posts\/4508","targetHints":{"allow":["GET"]}}],"collection":[{"href":"https:\/\/kodlyoko.pl\/index.php\/wp-json\/wp\/v2\/posts"}],"about":[{"href":"https:\/\/kodlyoko.pl\/index.php\/wp-json\/wp\/v2\/types\/post"}],"author":[{"embeddable":true,"href":"https:\/\/kodlyoko.pl\/index.php\/wp-json\/wp\/v2\/users\/5"}],"replies":[{"embeddable":true,"href":"https:\/\/kodlyoko.pl\/index.php\/wp-json\/wp\/v2\/comments?post=4508"}],"version-history":[{"count":1,"href":"https:\/\/kodlyoko.pl\/index.php\/wp-json\/wp\/v2\/posts\/4508\/revisions"}],"predecessor-version":[{"id":4509,"href":"https:\/\/kodlyoko.pl\/index.php\/wp-json\/wp\/v2\/posts\/4508\/revisions\/4509"}],"wp:featuredmedia":[{"embeddable":true,"href":"https:\/\/kodlyoko.pl\/index.php\/wp-json\/wp\/v2\/media\/3155"}],"wp:attachment":[{"href":"https:\/\/kodlyoko.pl\/index.php\/wp-json\/wp\/v2\/media?parent=4508"}],"wp:term":[{"taxonomy":"category","embeddable":true,"href":"https:\/\/kodlyoko.pl\/index.php\/wp-json\/wp\/v2\/categories?post=4508"},{"taxonomy":"post_tag","embeddable":true,"href":"https:\/\/kodlyoko.pl\/index.php\/wp-json\/wp\/v2\/tags?post=4508"}],"curies":[{"name":"wp","href":"https:\/\/api.w.org\/{rel}","templated":true}]}}