{"id":1130,"date":"2014-09-01T10:00:00","date_gmt":"2014-09-01T08:00:00","guid":{"rendered":"http:\/\/kodlyoko.pl\/?p=1130"},"modified":"2021-04-24T19:52:36","modified_gmt":"2021-04-24T17:52:36","slug":"wiesci-z-lyoko-poniedzialek-1-wrzesnia-2014","status":"publish","type":"post","link":"https:\/\/kodlyoko.pl\/index.php\/2014\/09\/01\/wiesci-z-lyoko-poniedzialek-1-wrzesnia-2014\/","title":{"rendered":"Wie\u015bci z Lyoko &#8211; poniedzia\u0142ek, 1 wrze\u015bnia 2014."},"content":{"rendered":"\n<p>Witam, oto pierwsze w tym miesi\u0105cu wie\u015bci.<\/p>\n\n\n\n<p>Dzisiejszy dzie\u0144 opr\u00f3cz powrotu do szko\u0142y przynosi tak\u017ce niedobre wiadomo\u015bci dla fan\u00f3w CL. Od dzisiaj w\u0142a\u015bnie ten serial schodzi z anteny (CL:E pozostaje, emisja o 22:05). Decyzja kierownictwa Teletoona spotka\u0142a si\u0119 z odzewem widz\u00f3w. Pierwszy post o przywr\u00f3cenie CL pojawi\u0142 si\u0119 ok. 8 rano, do chwili pisania tego newsa jest ich kilkana\u015bcie. Jak na razie redakcja Teletoona nie odnios\u0142a si\u0119 do tych post\u00f3w i do komentarzy pod nimi, w kt\u00f3rych post\u0119powanie stacji jest oceniane bardzo krytycznie.<\/p>\n\n\n\n<p>Przypomnijmy, \u017ce CL wszed\u0142 na anten\u0119 Teletoona 3 lutego 2014, po ponad roku od pierwszej zapowiedzi. Decyzja o zdj\u0119ciu z anteny zosta\u0142a podana do wiadomo\u015bci publicznej w po\u0142owie sierpnia.<\/p>\n\n\n\n<p>Je\u015bli b\u0119dziemy mie\u0107 jakiekolwiek nowe informacje w tej sprawie, podamy je na stronie.<\/p>\n","protected":false},"excerpt":{"rendered":"<p>Witam, oto pierwsze w tym miesi\u0105cu wie\u015bci. Dzisiejszy dzie\u0144 opr\u00f3cz powrotu do szko\u0142y przynosi tak\u017ce niedobre wiadomo\u015bci dla fan\u00f3w CL. Od dzisiaj w\u0142a\u015bnie ten serial schodzi z anteny (CL:E pozostaje, emisja o 22:05). Decyzja kierownictwa Teletoona spotka\u0142a si\u0119 z odzewem widz\u00f3w. Pierwszy post o przywr\u00f3cenie CL pojawi\u0142 si\u0119 ok. 8 rano, do chwili pisania tego &hellip;<br \/><a href=\"https:\/\/kodlyoko.pl\/index.php\/2014\/09\/01\/wiesci-z-lyoko-poniedzialek-1-wrzesnia-2014\/\" class=\"more-link pen_button pen_element_default pen_icon_arrow_double\">Read more<\/a><\/p>\n","protected":false},"author":5,"featured_media":0,"comment_status":"open","ping_status":"open","sticky":false,"template":"","format":"standard","meta":{"footnotes":""},"categories":[17],"tags":[],"class_list":["post-1130","post","type-post","status-publish","format-standard","hentry","category-newsy"],"_links":{"self":[{"href":"https:\/\/kodlyoko.pl\/index.php\/wp-json\/wp\/v2\/posts\/1130","targetHints":{"allow":["GET"]}}],"collection":[{"href":"https:\/\/kodlyoko.pl\/index.php\/wp-json\/wp\/v2\/posts"}],"about":[{"href":"https:\/\/kodlyoko.pl\/index.php\/wp-json\/wp\/v2\/types\/post"}],"author":[{"embeddable":true,"href":"https:\/\/kodlyoko.pl\/index.php\/wp-json\/wp\/v2\/users\/5"}],"replies":[{"embeddable":true,"href":"https:\/\/kodlyoko.pl\/index.php\/wp-json\/wp\/v2\/comments?post=1130"}],"version-history":[{"count":1,"href":"https:\/\/kodlyoko.pl\/index.php\/wp-json\/wp\/v2\/posts\/1130\/revisions"}],"predecessor-version":[{"id":1133,"href":"https:\/\/kodlyoko.pl\/index.php\/wp-json\/wp\/v2\/posts\/1130\/revisions\/1133"}],"wp:attachment":[{"href":"https:\/\/kodlyoko.pl\/index.php\/wp-json\/wp\/v2\/media?parent=1130"}],"wp:term":[{"taxonomy":"category","embeddable":true,"href":"https:\/\/kodlyoko.pl\/index.php\/wp-json\/wp\/v2\/categories?post=1130"},{"taxonomy":"post_tag","embeddable":true,"href":"https:\/\/kodlyoko.pl\/index.php\/wp-json\/wp\/v2\/tags?post=1130"}],"curies":[{"name":"wp","href":"https:\/\/api.w.org\/{rel}","templated":true}]}}