{"id":1077,"date":"2013-05-09T17:38:00","date_gmt":"2013-05-09T15:38:00","guid":{"rendered":"http:\/\/kodlyoko.pl\/?p=1077"},"modified":"2021-04-24T19:38:52","modified_gmt":"2021-04-24T17:38:52","slug":"marin-lafitte-krotka-ankieta","status":"publish","type":"post","link":"https:\/\/kodlyoko.pl\/index.php\/2013\/05\/09\/marin-lafitte-krotka-ankieta\/","title":{"rendered":"Marin Lafitte &#8211; kr\u00f3tka ankieta."},"content":{"rendered":"\n<p>Witam. Ostatnio poda\u0142em t\u0142umaczenie wywiadu z Marinem. Jednak opr\u00f3cz tego wywiadu Marin odpowiedzia\u0142 tak\u017ce na par\u0119 pyta\u0144 w formie ankiety. Oto w\u0142a\u015bnie ta ankieta i tzw. chi\u0144ski portret (co to jest, zobaczycie sami), przet\u0142umaczone na polski (publikujemy to, tak samo jak wywiad, jako pierwsi w Polsce).<\/p>\n\n\n\n<p>Ulubione przedmioty: Francuski (literatura i pisanie), historia<\/p>\n\n\n\n<p>Najmniej ulubione przedmioty: Matematyka, fizyka ( W rzeczywisto\u015bci jestem przeciwie\u0144stwem Jeremiego \ud83d\ude42 )<\/p>\n\n\n\n<p>Przysz\u0142o\u015b\u0107 zawodowa: Chcia\u0142bym by\u0107 w przysz\u0142o\u015bci aktorem.<\/p>\n\n\n\n<p>A kiedy by\u0142e\u015b ma\u0142y, to kim chcia\u0142e\u015b zosta\u0107: Chcia\u0142em by\u0107 lalkarzem lub klaunem<\/p>\n\n\n\n<p>Twoje 3 najlepsze cechy: Mi\u0142y, sympatyczny, pewny siebie<\/p>\n\n\n\n<p>Twoje 3 najgorsze cechy: Czasami przedrze\u017aniam, troch\u0119 panikuj\u0119 i&#8230; nie wiem co jeszcze \ud83d\ude42<\/p>\n\n\n\n<p>Rodze\u0144stwo: Mam 2 braci i jedn\u0105 siostr\u0119<\/p>\n\n\n\n<p>Osoba, kt\u00f3r\u0105 najbardziej podziwiasz: Melanie Tran, szczeg\u00f3lnie za wspieranie mnie tego lata.<\/p>\n\n\n\n<p>Ksi\u0105\u017cka, kt\u00f3r\u0105 ostatnio przeczyta\u0142e\u015b: &#8220;N\u0119dznicy&#8221; Victora Hugo i &#8220;Trzej muszkieterowie&#8221; Aleksandra Dumasa<\/p>\n\n\n\n<p>Ulubione sporty: surfing, badminton<\/p>\n\n\n\n<p>Ulubione radio: NRJ, Radio Fun<\/p>\n\n\n\n<p>Jakie imiona dasz swoim dzieciom: Max, Tom i Anna<\/p>\n\n\n\n<p>Gdyby\u015b mia\u0142 3 \u017cyczenia, to jakie by by\u0142y: Mie\u0107 zawsze si\u0142\u0119, by\u0107 w stanie robi\u0107 wszystko co kocham i mie\u0107 du\u017co kontrakt\u00f3w<\/p>\n\n\n\n<p>Ulubiona piosenka: Infinity<\/p>\n\n\n\n<p>Ulubiony film: Le nom des gents (w t\u0142umaczeniu &#8220;Imiona mi\u0142o\u015bci&#8221;, francuska komedia romantyczna, 2010- przypis m\u00f3j)<\/p>\n\n\n\n<p>Ulubiony aktor: Jean Dujardin<\/p>\n\n\n\n<p>Ulubiony serial: Kod Lyoko, oczywi\u015bcie<\/p>\n\n\n\n<p>Ulubione kolory: czarny, szary, niebieski<\/p>\n\n\n\n<p>Ulubione danie: Kiedy\u015b to by\u0142a lazania, ale teraz&#8230;.<\/p>\n\n\n\n<p>Chi\u0144ski portret: Gdyby\u015b by\u0142&#8230;<\/p>\n\n\n\n<p>Zwierz\u0119ciem: Ma\u0142pa<\/p>\n\n\n\n<p>S\u0142owami: Kocham ci\u0119<\/p>\n\n\n\n<p>S\u0142awn\u0105 osob\u0105: Martin Luther King<\/p>\n\n\n\n<p>Planet\u0105: Merkury<\/p>\n\n\n\n<p>Dniem: Sobota<\/p>\n\n\n\n<p>Imieniem \u017ce\u0144skim: Sonia, Anna<\/p>\n\n\n\n<p>Imieniem m\u0119skim: Tom<\/p>\n\n\n\n<p>Jako\u015bci\u0105: Zdeterminowany<\/p>\n\n\n\n<p>Uczuciem: Szcz\u0119\u015bcie<\/p>\n\n\n\n<p>Ksi\u0105\u017ck\u0105: Pami\u0119tniki Anny Frank<\/p>\n\n\n\n<p>Kresk\u00f3wk\u0105: Kod Lyoko<\/p>\n\n\n\n<p>Bohaterem: Gandhi, Superman<\/p>\n\n\n\n<p>Miejscem w domu: Na kanapie przed telewizorem<\/p>\n\n\n\n<p>Kilka pyta\u0144 o CL:<\/p>\n\n\n\n<p>Odkry\u0142em CL: Chyba w 2007 r.<\/p>\n\n\n\n<p>Ulubiony bohater pierwszoplanowy: ODD! \ud83d\ude42<\/p>\n\n\n\n<p>Ulubiony bohater drugoplanowy: Jim \ud83d\ude42 i Kiwi (Spoczywaj w pokoju! Pami\u0119tam \u017ce zosta\u0142 zjedzony w chi\u0144skiej restauracji. Czy to nie tak by\u0142o, Quentin?)<\/p>\n\n\n\n<p>Ulubiony sektor: Cortex<\/p>\n\n\n\n<p>Ulubiony cytat: Wojownicy Lyoko powracaj\u0105! (Te s\u0142owa oczywi\u015bcie wypowiedziane zosta\u0142y przez Jeremiego)<\/p>\n\n\n\n<p>Mam nadziej\u0119, \u017ce si\u0119 wam spodoba\u0142o, czekam na komentarze i pozdrawiam \ud83d\ude42<\/p>\n","protected":false},"excerpt":{"rendered":"<p>Witam. Ostatnio poda\u0142em t\u0142umaczenie wywiadu z Marinem. Jednak opr\u00f3cz tego wywiadu Marin odpowiedzia\u0142 tak\u017ce na par\u0119 pyta\u0144 w formie ankiety. Oto w\u0142a\u015bnie ta ankieta i tzw. chi\u0144ski portret (co to jest, zobaczycie sami), przet\u0142umaczone na polski (publikujemy to, tak samo jak wywiad, jako pierwsi w Polsce). Ulubione przedmioty: Francuski (literatura i pisanie), historia Najmniej ulubione &hellip;<br \/><a href=\"https:\/\/kodlyoko.pl\/index.php\/2013\/05\/09\/marin-lafitte-krotka-ankieta\/\" class=\"more-link pen_button pen_element_default pen_icon_arrow_double\">Read more<\/a><\/p>\n","protected":false},"author":5,"featured_media":0,"comment_status":"open","ping_status":"open","sticky":false,"template":"","format":"standard","meta":{"footnotes":""},"categories":[17],"tags":[],"class_list":["post-1077","post","type-post","status-publish","format-standard","hentry","category-newsy"],"_links":{"self":[{"href":"https:\/\/kodlyoko.pl\/index.php\/wp-json\/wp\/v2\/posts\/1077","targetHints":{"allow":["GET"]}}],"collection":[{"href":"https:\/\/kodlyoko.pl\/index.php\/wp-json\/wp\/v2\/posts"}],"about":[{"href":"https:\/\/kodlyoko.pl\/index.php\/wp-json\/wp\/v2\/types\/post"}],"author":[{"embeddable":true,"href":"https:\/\/kodlyoko.pl\/index.php\/wp-json\/wp\/v2\/users\/5"}],"replies":[{"embeddable":true,"href":"https:\/\/kodlyoko.pl\/index.php\/wp-json\/wp\/v2\/comments?post=1077"}],"version-history":[{"count":1,"href":"https:\/\/kodlyoko.pl\/index.php\/wp-json\/wp\/v2\/posts\/1077\/revisions"}],"predecessor-version":[{"id":1079,"href":"https:\/\/kodlyoko.pl\/index.php\/wp-json\/wp\/v2\/posts\/1077\/revisions\/1079"}],"wp:attachment":[{"href":"https:\/\/kodlyoko.pl\/index.php\/wp-json\/wp\/v2\/media?parent=1077"}],"wp:term":[{"taxonomy":"category","embeddable":true,"href":"https:\/\/kodlyoko.pl\/index.php\/wp-json\/wp\/v2\/categories?post=1077"},{"taxonomy":"post_tag","embeddable":true,"href":"https:\/\/kodlyoko.pl\/index.php\/wp-json\/wp\/v2\/tags?post=1077"}],"curies":[{"name":"wp","href":"https:\/\/api.w.org\/{rel}","templated":true}]}}